{"id":2497,"date":"2023-05-15T23:54:40","date_gmt":"2023-05-15T21:54:40","guid":{"rendered":"https:\/\/www.mainslibres.asso.fr\/wordpress\/?p=2497"},"modified":"2023-06-12T09:02:12","modified_gmt":"2023-06-12T07:02:12","slug":"vide-greniers-du-16-17-septembre-2023","status":"publish","type":"post","link":"https:\/\/www.mainslibres.asso.fr\/wordpress\/2023\/05\/vide-greniers-du-16-17-septembre-2023\/","title":{"rendered":"Vide-greniers du 16-17 septembre 2023"},"content":{"rendered":"\n<p>En raison de travaux de r\u00e9seaux, rue de la Banque, cette ann\u00e9e, le vide-greniers se tiendra\u00a0<strong>uniquement<\/strong>place de la Bourse, passage et place des Petits P\u00e8res.<\/p>\n\n\n\n<p><strong>Le vide-greniers est r\u00e9serv\u00e9 aux habitants de Paris-Centre (ex 1<sup>er<\/sup>, 2<sup>e<\/sup>, 3<sup>e<\/sup>&nbsp;et 4<sup>e<\/sup>&nbsp;arrondissements), et ouvert \u00e0 tous \u00e0 partir du lundi 11 septembre 2023.<\/strong><\/p>\n\n\n\n<p>Les tarifs* des stands sont les suivants&nbsp;:<\/p>\n\n\n\n<p class=\"has-text-align-center\">Samedi 30 \u20ac \/ Dimanche 25 \u20ac \/ Samedi + Dimanche 50 \u20ac<\/p>\n\n\n\n<p class=\"has-small-font-size\">*pour un stand de 3 m\u00e8tres lin\u00e9aires. 1 seul stand par famille et par jour.&nbsp;<\/p>\n\n\n\n<p><strong>Les inscriptions en ligne d\u00e9buteront le lundi 1er juin \u00e0 12h :&nbsp;<\/strong><\/p>\n\n\n\n<p class=\"has-text-align-center has-medium-font-size\"><a href=\"https:\/\/reservation.brocabrac.fr\/m\/5374\">https:\/\/reservation.brocabrac.fr\/m\/5374<\/a><\/p>\n\n\n\n<p>Par ailleurs, une s\u00e9ance d\u2019inscription pr\u00e9sentielle est pr\u00e9vue le\u00a0<strong>samedi 2 septembre 2023\u00a0\u00bb de 10h \u00e0 12h \u00e0 la bagagerie Mains Libres<\/strong>, 15 rue Jean Lantier \u2013 Paris 1<sup>er<\/sup>.<\/p>\n\n\n\n<p>Nous vous rappelons l\u2019obligation&nbsp;de t\u00e9l\u00e9charger la photo ou le scan de votre pi\u00e8ce d'identit\u00e9 recto verso ET d'un justificatif \u00e0 votre nom prouvant votre domiciliation \u00e0 Paris Centre (quittance de moins d\u2019un an), ou d\u2019apporter des photocopies de ces documents pour l'inscription pr\u00e9sentielle. Pour les inscriptions ouvertes \u00e0 tous (\u00e0 partir du 11 septembre), vous devrez \u00e9galement fournir des copies de votre pi\u00e8ce d\u2019identit\u00e9 et de votre justificatif de domicile. Sans ces documents, votre inscription ne pourra pas \u00eatre valid\u00e9e.<\/p>\n\n\n\n<p>Conform\u00e9ment aux obligations l\u00e9gales, vous devrez signer une d\u00e9claration sur l\u2019honneur selon laquelle vous ne participez pas \u00e0 plus d\u2019un autre vide-greniers \/ brocante au cours de l\u2019ann\u00e9e 2023. Les marchandises que vous vendrez doivent exclusivement \u00eatre des objets personnels usag\u00e9s.<\/p>\n\n\n\n<p><strong>N\u2019oubliez pas de consulter le r\u00e8glement, \u00e0 disposition sur le site MyBrocante.fr, avant de valider votre r\u00e9servation.&nbsp;<\/strong><\/p>\n","protected":false},"excerpt":{"rendered":"<p>En raison de travaux de r\u00e9seaux, rue de la Banque, cette ann\u00e9e, le vide-greniers se tiendra\u00a0uniquementplace de la Bourse, passage et place des Petits P\u00e8res. Le vide-greniers est r\u00e9serv\u00e9 aux habitants de Paris-Centre (ex 1er, 2e, 3e&nbsp;et 4e&nbsp;arrondissements), et ouvert \u00e0 tous \u00e0 partir du lundi 11 septembre 2023. Les tarifs* des stands sont les &hellip; <a href=\"https:\/\/www.mainslibres.asso.fr\/wordpress\/2023\/05\/vide-greniers-du-16-17-septembre-2023\/\" class=\"more-link\">Continuer la lecture de <span class=\"screen-reader-text\">Vide-greniers du 16-17 septembre 2023<\/span>  <span class=\"meta-nav\">&rarr;<\/span><\/a><\/p>\n","protected":false},"author":1,"featured_media":0,"comment_status":"open","ping_status":"open","sticky":false,"template":"","format":"standard","meta":{"_monsterinsights_skip_tracking":false,"_monsterinsights_sitenote_active":false,"_monsterinsights_sitenote_note":"","_monsterinsights_sitenote_category":0,"footnotes":""},"categories":[3],"tags":[],"class_list":["post-2497","post","type-post","status-publish","format-standard","hentry","category-actualites"],"_links":{"self":[{"href":"https:\/\/www.mainslibres.asso.fr\/wordpress\/wp-json\/wp\/v2\/posts\/2497","targetHints":{"allow":["GET"]}}],"collection":[{"href":"https:\/\/www.mainslibres.asso.fr\/wordpress\/wp-json\/wp\/v2\/posts"}],"about":[{"href":"https:\/\/www.mainslibres.asso.fr\/wordpress\/wp-json\/wp\/v2\/types\/post"}],"author":[{"embeddable":true,"href":"https:\/\/www.mainslibres.asso.fr\/wordpress\/wp-json\/wp\/v2\/users\/1"}],"replies":[{"embeddable":true,"href":"https:\/\/www.mainslibres.asso.fr\/wordpress\/wp-json\/wp\/v2\/comments?post=2497"}],"version-history":[{"count":2,"href":"https:\/\/www.mainslibres.asso.fr\/wordpress\/wp-json\/wp\/v2\/posts\/2497\/revisions"}],"predecessor-version":[{"id":2500,"href":"https:\/\/www.mainslibres.asso.fr\/wordpress\/wp-json\/wp\/v2\/posts\/2497\/revisions\/2500"}],"wp:attachment":[{"href":"https:\/\/www.mainslibres.asso.fr\/wordpress\/wp-json\/wp\/v2\/media?parent=2497"}],"wp:term":[{"taxonomy":"category","embeddable":true,"href":"https:\/\/www.mainslibres.asso.fr\/wordpress\/wp-json\/wp\/v2\/categories?post=2497"},{"taxonomy":"post_tag","embeddable":true,"href":"https:\/\/www.mainslibres.asso.fr\/wordpress\/wp-json\/wp\/v2\/tags?post=2497"}],"curies":[{"name":"wp","href":"https:\/\/api.w.org\/{rel}","templated":true}]}}