{"id":2493,"date":"2022-07-18T12:04:49","date_gmt":"2022-07-18T10:04:49","guid":{"rendered":"https:\/\/www.mainslibres.asso.fr\/wordpress\/?p=2493"},"modified":"2022-07-18T12:04:50","modified_gmt":"2022-07-18T10:04:50","slug":"vide-greniers-du-12-13-septembre-2022","status":"publish","type":"post","link":"https:\/\/www.mainslibres.asso.fr\/wordpress\/2022\/07\/vide-greniers-du-12-13-septembre-2022\/","title":{"rendered":"Vide-greniers du 12-13 septembre 2022"},"content":{"rendered":"\n<p>Nous avons le plaisir de vous annoncer que notre traditionnel vide-greniers se tiendra les <strong>samedi 17 et dimanche 18 septembre 2022 rue de la Banque, place de la Bourse, passage et place des Petits P\u00e8res<\/strong>. En revanche, le vide-greniers des enfants qui se tenait dans la cour de l\u2019ex Mairie du 2\u00e8 n\u2019aura pas lieu cette ann\u00e9e.<\/p>\n\n\n\n<p>Le vide-greniers est r\u00e9serv\u00e9 aux habitants de Paris-Centre (ex 1<sup>er<\/sup>, 2<sup>\u00e8me<\/sup>, 3<sup>\u00e8me<\/sup>&nbsp;et 4<sup>\u00e8me<\/sup>&nbsp;arrondissements), et ouvert \u00e0 tous \u00e0 partir du lundi 12 septembre 2022.<\/p>\n\n\n\n<p>Tarifs&nbsp;: Samedi = 30\u20ac \/ Dimanche = 25\u20ac \/ Samedi + Dimanche = 50\u20ac<\/p>\n\n\n\n<p>Les inscriptions sont en ligne :&nbsp;<a href=\"https:\/\/reservation.brocabrac.fr\/m\/5374\">https:\/\/reservation.brocabrac.fr\/m\/5374<\/a><\/p>\n\n\n\n<p>Par ailleurs, <strong>une s\u00e9ance d\u2019inscription pr\u00e9sentielle est pr\u00e9vue le samedi 3 septembre de 10h \u00e0 11h \u00e0 la bagagerie Mains Libres, 15 rue Jean Lantier Paris 1<sup>er<\/sup><\/strong>.<\/p>\n\n\n\n<p>Nous vous rappelons l\u2019obligation de t\u00e9l\u00e9charger la photo ou le scan de votre pi\u00e8ce d\u2019identit\u00e9 recto verso et d\u2019un justificatif \u00e0 votre nom prouvant votre domiciliation \u00e0 Paris Centre (quittance de moins d\u2019un an), ou d\u2019apporter des photocopies de ces documents pour l\u2019inscription pr\u00e9sentielle.<\/p>\n\n\n\n<p>Pour les inscriptions ouvertes \u00e0 tous (\u00e0 partir du 12 septembre), vous devrez \u00e9galement fournir des copies de votre pi\u00e8ce d\u2019identit\u00e9 et de votre justificatif de domicile. Sans ces documents, votre inscription ne pourra pas \u00eatre valid\u00e9e.<\/p>\n\n\n\n<p>Conform\u00e9ment aux obligations l\u00e9gales, vous devrez signer une d\u00e9claration sur l\u2019honneur selon laquelle vous ne participez pas \u00e0 plus d\u2019un autre vide-greniers \/ brocante au cours de l\u2019ann\u00e9e 2021. Les marchandises que vous vendrez doivent exclusivement \u00eatre des objets personnels usag\u00e9s.&nbsp;<\/p>\n\n\n\n<p>En raison de l\u2019\u00e9pid\u00e9mie du Covid, nous vous demanderons \u00e9galement de vous engager \u00e0&nbsp;respecter les gestes barri\u00e8res, de porter un masque sur le stand, de fournir du gel hydroalcoolique \u00e0 vos clients, et de respecter&nbsp;<strong>toute autre mesure qui nous serait impos\u00e9e par les autorit\u00e9s d\u2019ici l\u00e0.<\/strong><\/p>\n\n\n\n<p>NB&nbsp;: Si l\u2019\u00e9pid\u00e9mie de Covid red\u00e9marrait et que la Mairie de Paris et\/ou la Pr\u00e9fecture nous imposaient d\u2019annuler le vide-greniers, nous vous rembourserions l\u2019inscription. En revanche, il n\u2019y aura pas de remboursement si le vide-greniers est maintenu et que vous d\u00e9cidez de ne pas y participer, quel que soit le motif de votre d\u00e9cision. Merci de votre compr\u00e9hension&nbsp;!<\/p>\n\n\n\n<p>Merci beaucoup et belle journ\u00e9e<\/p>\n","protected":false},"excerpt":{"rendered":"<p>Nous avons le plaisir de vous annoncer que notre traditionnel vide-greniers se tiendra les samedi 17 et dimanche 18 septembre 2022 rue de la Banque, place de la Bourse, passage et place des Petits P\u00e8res. En revanche, le vide-greniers des enfants qui se tenait dans la cour de l\u2019ex Mairie du 2\u00e8 n\u2019aura pas lieu &hellip; <a href=\"https:\/\/www.mainslibres.asso.fr\/wordpress\/2022\/07\/vide-greniers-du-12-13-septembre-2022\/\" class=\"more-link\">Continuer la lecture de <span class=\"screen-reader-text\">Vide-greniers du 12-13 septembre 2022<\/span>  <span class=\"meta-nav\">&rarr;<\/span><\/a><\/p>\n","protected":false},"author":1,"featured_media":0,"comment_status":"open","ping_status":"open","sticky":false,"template":"","format":"standard","meta":{"_monsterinsights_skip_tracking":false,"_monsterinsights_sitenote_active":false,"_monsterinsights_sitenote_note":"","_monsterinsights_sitenote_category":0,"footnotes":""},"categories":[3],"tags":[],"class_list":["post-2493","post","type-post","status-publish","format-standard","hentry","category-actualites"],"_links":{"self":[{"href":"https:\/\/www.mainslibres.asso.fr\/wordpress\/wp-json\/wp\/v2\/posts\/2493","targetHints":{"allow":["GET"]}}],"collection":[{"href":"https:\/\/www.mainslibres.asso.fr\/wordpress\/wp-json\/wp\/v2\/posts"}],"about":[{"href":"https:\/\/www.mainslibres.asso.fr\/wordpress\/wp-json\/wp\/v2\/types\/post"}],"author":[{"embeddable":true,"href":"https:\/\/www.mainslibres.asso.fr\/wordpress\/wp-json\/wp\/v2\/users\/1"}],"replies":[{"embeddable":true,"href":"https:\/\/www.mainslibres.asso.fr\/wordpress\/wp-json\/wp\/v2\/comments?post=2493"}],"version-history":[{"count":1,"href":"https:\/\/www.mainslibres.asso.fr\/wordpress\/wp-json\/wp\/v2\/posts\/2493\/revisions"}],"predecessor-version":[{"id":2494,"href":"https:\/\/www.mainslibres.asso.fr\/wordpress\/wp-json\/wp\/v2\/posts\/2493\/revisions\/2494"}],"wp:attachment":[{"href":"https:\/\/www.mainslibres.asso.fr\/wordpress\/wp-json\/wp\/v2\/media?parent=2493"}],"wp:term":[{"taxonomy":"category","embeddable":true,"href":"https:\/\/www.mainslibres.asso.fr\/wordpress\/wp-json\/wp\/v2\/categories?post=2493"},{"taxonomy":"post_tag","embeddable":true,"href":"https:\/\/www.mainslibres.asso.fr\/wordpress\/wp-json\/wp\/v2\/tags?post=2493"}],"curies":[{"name":"wp","href":"https:\/\/api.w.org\/{rel}","templated":true}]}}